{"id":134,"date":"2015-06-26T07:32:00","date_gmt":"2015-06-26T07:32:00","guid":{"rendered":"https:\/\/lasrecetasdelualba.es\/?p=134"},"modified":"2020-05-28T20:07:45","modified_gmt":"2020-05-28T20:07:45","slug":"ensalada-de-lechuga-y-pasta","status":"publish","type":"post","link":"https:\/\/lasrecetasdelualba.es\/?p=134","title":{"rendered":"Ensalada  de lechuga y pasta"},"content":{"rendered":"<div dir=\"ltr\">Aqu\u00ed en Galicia tenemos un tiempo especial, hoy hace un calor terrible al d\u00eda siguiente llueve&#8230;al siguiente sacamos el abrigo de invierno jajaja, ya veis para todos los gustos.<br \/>\nPero yo sigo con mis ensaladas de primavera &#8211; verano, de primer plato son fant\u00e1sticas, o simplemente para cuando vas a la playa ,la llevas de comida o la dejas preparada para la cena, porque est\u00e1 Riqu\u00edsima!!<\/div>\n<div class=\"separator\" style=\"clear: both; text-align: center;\"><\/div>\n<div dir=\"ltr\"><b><u><br \/>\nIngredientes :<\/u><\/b><\/div>\n<ul>\n<li dir=\"ltr\">1 cogollo de lechuga<\/li>\n<li dir=\"ltr\">1\/2 calabac\u00edn<\/li>\n<li dir=\"ltr\">2 tomates<\/li>\n<li dir=\"ltr\">Aceite de oliva<\/li>\n<li dir=\"ltr\">Sal<\/li>\n<li dir=\"ltr\">1 Zanahoria<\/li>\n<li dir=\"ltr\">5-6 tiras de pavo<\/li>\n<li dir=\"ltr\">1 cuenco de pasta cocida<\/li>\n<li dir=\"ltr\">Pimienta<\/li>\n<li dir=\"ltr\">Vinagre<\/li>\n<\/ul>\n<div dir=\"ltr\"><b><u><br \/>\nPreparaci\u00f3n :<\/u><\/b><\/div>\n<div dir=\"ltr\">Lavamos toda la verdura y escurrir,\u00a0 pelamos la zanahoria,\u00a0 cortamos en trozos peque\u00f1os el calabac\u00edn, la zanahoria, el pavo , los tomates y la lechuga lo echamos todo en un bol\u00a0 y por \u00faltimo la pasta cocida.<br \/>\nAli\u00f1amos todo con la pimienta , la sal , el vinagre y el aceite de oliva.<br \/>\n<strong>Presentaci\u00f3n:<\/strong><br \/>\nRevolvemos todo en el bol y lo pasamos a una fuente bonita , le echamos el ali\u00f1o por encima, y listo a comer.<\/div>\n","protected":false},"excerpt":{"rendered":"<p>Aqu\u00ed en Galicia tenemos un tiempo especial, hoy hace un calor terrible al d\u00eda siguiente llueve&#8230;al siguiente sacamos el abrigo de invierno jajaja, ya veis para todos los gustos. Pero yo sigo con mis ensaladas de primavera &#8211; verano, de primer plato son fant\u00e1sticas, o [&hellip;]<\/p>\n","protected":false},"author":1,"featured_media":714,"comment_status":"open","ping_status":"open","sticky":false,"template":"","format":"standard","meta":{"footnotes":""},"categories":[51],"tags":[25,6],"class_list":["post-134","post","type-post","status-publish","format-standard","has-post-thumbnail","hentry","category-cocina-saludable","tag-pasta","tag-verduras"],"_links":{"self":[{"href":"https:\/\/lasrecetasdelualba.es\/index.php?rest_route=\/wp\/v2\/posts\/134","targetHints":{"allow":["GET"]}}],"collection":[{"href":"https:\/\/lasrecetasdelualba.es\/index.php?rest_route=\/wp\/v2\/posts"}],"about":[{"href":"https:\/\/lasrecetasdelualba.es\/index.php?rest_route=\/wp\/v2\/types\/post"}],"author":[{"embeddable":true,"href":"https:\/\/lasrecetasdelualba.es\/index.php?rest_route=\/wp\/v2\/users\/1"}],"replies":[{"embeddable":true,"href":"https:\/\/lasrecetasdelualba.es\/index.php?rest_route=%2Fwp%2Fv2%2Fcomments&post=134"}],"version-history":[{"count":4,"href":"https:\/\/lasrecetasdelualba.es\/index.php?rest_route=\/wp\/v2\/posts\/134\/revisions"}],"predecessor-version":[{"id":2516,"href":"https:\/\/lasrecetasdelualba.es\/index.php?rest_route=\/wp\/v2\/posts\/134\/revisions\/2516"}],"wp:featuredmedia":[{"embeddable":true,"href":"https:\/\/lasrecetasdelualba.es\/index.php?rest_route=\/wp\/v2\/media\/714"}],"wp:attachment":[{"href":"https:\/\/lasrecetasdelualba.es\/index.php?rest_route=%2Fwp%2Fv2%2Fmedia&parent=134"}],"wp:term":[{"taxonomy":"category","embeddable":true,"href":"https:\/\/lasrecetasdelualba.es\/index.php?rest_route=%2Fwp%2Fv2%2Fcategories&post=134"},{"taxonomy":"post_tag","embeddable":true,"href":"https:\/\/lasrecetasdelualba.es\/index.php?rest_route=%2Fwp%2Fv2%2Ftags&post=134"}],"curies":[{"name":"wp","href":"https:\/\/api.w.org\/{rel}","templated":true}]}}