{"id":135,"date":"2015-06-17T10:37:00","date_gmt":"2015-06-17T10:37:00","guid":{"rendered":"https:\/\/lasrecetasdelualba.es\/?p=135"},"modified":"2020-04-21T09:50:08","modified_gmt":"2020-04-21T09:50:08","slug":"calabacines-rellenos","status":"publish","type":"post","link":"https:\/\/lasrecetasdelualba.es\/?p=135","title":{"rendered":"Calabacines rellenos"},"content":{"rendered":"<div dir=\"ltr\">Llevo unas semanas preparando esta receta , p\u00faes\u00a0 adem\u00e1s de sana est\u00e1 Riqu\u00edsima!!!<br \/>\nLa suelo preparar por la ma\u00f1ana para cenar, pero desde que la hago no paro de pensar ummm&#8230;me esperan para cenar los calabacines jajaja.<br \/>\nAqu\u00ed en Galicia\u00a0 nos esta viniendo una buena primavera, calorcito con viento&#8230;pero no llueve y en las casas empieza a hacer calor y yo s\u00f3lo preparo verduras rellenas,\u00a0 es porque tengo poco tiempo para cocinar, y as\u00ed dejo una comida completa.<\/div>\n<div class=\"separator\" style=\"clear: both; text-align: center;\"><a style=\"margin-left: 1em; margin-right: 1em;\" href=\"http:\/\/1.bp.blogspot.com\/-Y21O1i80r6o\/VYFN0SQ60QI\/AAAAAAAAIOQ\/J-xKF5EYu18\/s1600\/20150511_193345.jpg\"><img loading=\"lazy\" decoding=\"async\" src=\"https:\/\/lasrecetasdelualba.es\/wp-content\/uploads\/2015\/06\/20150511_193345.jpg\" width=\"400\" height=\"225\" border=\"0\" \/><\/a><\/div>\n<div dir=\"ltr\">\n<b><u><br \/>\nIngredientes \u00a0:<\/u><\/b><\/div>\n<div dir=\"ltr\"><b><u><br \/>\n<\/u><\/b><br \/>\n1 cebolla<br \/>\nPan rallado<br \/>\nSal<br \/>\n2 huevos<br \/>\n100 gr de jam\u00f3n serrano en tacos<br \/>\n2 dientes de ajo<br \/>\nAceite de oliva<br \/>\n4 calabacines<br \/>\n150 gr de miga de pan<br \/>\nSalsa de tomate<\/div>\n<div dir=\"ltr\"><u><br \/>\n<b><br \/>\nPreparaci\u00f3n :<\/b><\/u><\/div>\n<div dir=\"ltr\">\nPrecalentamos el horno a 180 grados.<br \/>\nSe cuecen los calabacines 10 minutos, se secan,se cortan por la mitad y se vac\u00edan.<br \/>\nEn una sart\u00e9n se pocha la cebolla picada, los ajos y la carne de los calabacines, cuando est\u00e9 bien pasado de le a\u00f1ade el jam\u00f3n en taquitos, un poco de salsa de tomate y la miga de pan, se mezcla todo bien y se incorporan los huevos batidos, d\u00e1ndole un par de vueltas, con esta mezcla rellenamos los calabacines,\u00a0 se pintan con aceite de oliva y se les echa el pan rallado por encima y se ponen a gratinar en el horno.<\/div>\n","protected":false},"excerpt":{"rendered":"<p>Llevo unas semanas preparando esta receta , p\u00faes\u00a0 adem\u00e1s de sana est\u00e1 Riqu\u00edsima!!! La suelo preparar por la ma\u00f1ana para cenar, pero desde que la hago no paro de pensar ummm&#8230;me esperan para cenar los calabacines jajaja. Aqu\u00ed en Galicia\u00a0 nos esta viniendo una buena [&hellip;]<\/p>\n","protected":false},"author":1,"featured_media":716,"comment_status":"open","ping_status":"open","sticky":false,"template":"","format":"standard","meta":{"footnotes":""},"categories":[49],"tags":[6],"class_list":["post-135","post","type-post","status-publish","format-standard","has-post-thumbnail","hentry","category-verduras-legumbres","tag-verduras"],"_links":{"self":[{"href":"https:\/\/lasrecetasdelualba.es\/index.php?rest_route=\/wp\/v2\/posts\/135","targetHints":{"allow":["GET"]}}],"collection":[{"href":"https:\/\/lasrecetasdelualba.es\/index.php?rest_route=\/wp\/v2\/posts"}],"about":[{"href":"https:\/\/lasrecetasdelualba.es\/index.php?rest_route=\/wp\/v2\/types\/post"}],"author":[{"embeddable":true,"href":"https:\/\/lasrecetasdelualba.es\/index.php?rest_route=\/wp\/v2\/users\/1"}],"replies":[{"embeddable":true,"href":"https:\/\/lasrecetasdelualba.es\/index.php?rest_route=%2Fwp%2Fv2%2Fcomments&post=135"}],"version-history":[{"count":2,"href":"https:\/\/lasrecetasdelualba.es\/index.php?rest_route=\/wp\/v2\/posts\/135\/revisions"}],"predecessor-version":[{"id":2517,"href":"https:\/\/lasrecetasdelualba.es\/index.php?rest_route=\/wp\/v2\/posts\/135\/revisions\/2517"}],"wp:featuredmedia":[{"embeddable":true,"href":"https:\/\/lasrecetasdelualba.es\/index.php?rest_route=\/wp\/v2\/media\/716"}],"wp:attachment":[{"href":"https:\/\/lasrecetasdelualba.es\/index.php?rest_route=%2Fwp%2Fv2%2Fmedia&parent=135"}],"wp:term":[{"taxonomy":"category","embeddable":true,"href":"https:\/\/lasrecetasdelualba.es\/index.php?rest_route=%2Fwp%2Fv2%2Fcategories&post=135"},{"taxonomy":"post_tag","embeddable":true,"href":"https:\/\/lasrecetasdelualba.es\/index.php?rest_route=%2Fwp%2Fv2%2Ftags&post=135"}],"curies":[{"name":"wp","href":"https:\/\/api.w.org\/{rel}","templated":true}]}}