{"id":136,"date":"2015-06-17T10:34:00","date_gmt":"2015-06-17T10:34:00","guid":{"rendered":"https:\/\/lasrecetasdelualba.es\/?p=136"},"modified":"2020-05-28T20:10:01","modified_gmt":"2020-05-28T20:10:01","slug":"tarta-carrot-cake","status":"publish","type":"post","link":"https:\/\/lasrecetasdelualba.es\/?p=136","title":{"rendered":"Tarta Carrot cake"},"content":{"rendered":"<div dir=\"ltr\">Est\u00e1 tarta es una de mis favoritas, est\u00e1 Riqu\u00edsima!!!! Cada vez que la hago me queda un olor en casa ummm&#8230;. maravilloso, sus especies me encantan, para mi marido es su favorita, no la suelo hacer muy a menudo porque nos la comemos jajaja&#8230;y con esto de la operaci\u00f3n vikiny no podemos tomarla s\u00f3lo en nuestro d\u00eda libre.<br \/>\nBueno el domingo empieza el verano por aqu\u00ed ya tenemos muy buenas temperaturas y este viernes empiezan las vacaciones escolares, lo estoy deseando .<br \/>\nEst\u00e9 a\u00f1o mi hija estudi\u00f3 much\u00edsimo, y se las merece , \u00bfsab\u00e9is\u00a0 que? Cuando llegue a casa y vea la tarta se pondr\u00e1 content\u00edsima, jejeje&#8230; abra que hacer una fiesta.<\/div>\n<div class=\"separator\" style=\"clear: both; text-align: center;\"><\/div>\n<div dir=\"ltr\"><b><u><br \/>\nIngredientes:<\/u><\/b><\/div>\n<ul>\n<li dir=\"ltr\">175 gr de az\u00facar moreno<\/li>\n<li dir=\"ltr\">100 gr de harina integral<\/li>\n<li dir=\"ltr\">100 gr de harina<\/li>\n<li dir=\"ltr\">1 sobre de levadura<\/li>\n<li dir=\"ltr\">1 cucharadita de bicarbonato de sodio<\/li>\n<li dir=\"ltr\">1 cucharadita de canela<\/li>\n<li dir=\"ltr\">1 cucharadita de piel de naranja<\/li>\n<li dir=\"ltr\">2 huevos<\/li>\n<li dir=\"ltr\">150 gr de aceite suave<\/li>\n<li dir=\"ltr\">200 gr de zanahoria rallada o manzana<\/li>\n<li dir=\"ltr\">Unas nueces para adornar<\/li>\n<\/ul>\n<div dir=\"ltr\"><b><u>Para el glaseado:<\/u><\/b><\/div>\n<ul>\n<li dir=\"ltr\">100 gr de mantequilla a temperatura ambiente<\/li>\n<li dir=\"ltr\">300 gr de queso fhiladelfia<\/li>\n<li dir=\"ltr\">100 gr de az\u00facar glass tamizada<\/li>\n<li dir=\"ltr\">1 cucharada de extracto de\u00a0 vainilla<\/li>\n<\/ul>\n<div dir=\"ltr\"><b><u><br \/>\nPreparaci\u00f3n:<\/u><\/b><\/div>\n<div dir=\"ltr\">Pre calentamos el horno a 180 grados<br \/>\nPreparamos el molde lo untamos con mantequilla y le echamos un poco de harina \u00a0para que no se pegue el bizcocho, reservamos.<br \/>\nEn un bol mezclamos, el az\u00facar las harinas, la levadura , las especies el bicarbonato\u00a0 y la \u00a0ralladura de naranja.<br \/>\nEn otro bol batimos los huevos, y el aceite y se lo a\u00f1adimos al bol de la harina\u00a0 mezclamos bien y seguidamente echamos la ralladura de manzana o zanahoria o \u00a0las dos,mezclamos con una lengua y echamos la mezcla en el molde y horneamos 35\/40 minutos m\u00e1s o menos, comprobar con la brocheta si esta ech\u00f3 sino lo dejaremos 5 minutos m\u00e1s.<br \/>\nCuando est\u00e9 echo lo retiramos del horno y dejamos enfriar.<\/div>\n<div dir=\"ltr\"><b><u><br \/>\nPreparaci\u00f3n del glaseado:<\/u><\/b><\/div>\n<div dir=\"ltr\">Batimos la mantequilla en pomada con el az\u00facar , hasta que est\u00e9 muy suave, a\u00f1adimos el queso fr\u00edo y la vainilla mezclamos todo bien\u00a0 metemos un rato en la\u00a0 nevera para que coja consistencia.<br \/>\nCuando el bizcocho este fr\u00edo lo cortamos a la mitad y rellenamos con la mitad de la crema , ponemos encima la otra mitad del bizcocho y encima le echamos la crema restante , para adornar podemos poner le unas nueces.<\/div>\n","protected":false},"excerpt":{"rendered":"<p>Est\u00e1 tarta es una de mis favoritas, est\u00e1 Riqu\u00edsima!!!! Cada vez que la hago me queda un olor en casa ummm&#8230;. maravilloso, sus especies me encantan, para mi marido es su favorita, no la suelo hacer muy a menudo porque nos la comemos jajaja&#8230;y con [&hellip;]<\/p>\n","protected":false},"author":1,"featured_media":718,"comment_status":"open","ping_status":"open","sticky":false,"template":"","format":"standard","meta":{"footnotes":""},"categories":[50],"tags":[4],"class_list":["post-136","post","type-post","status-publish","format-standard","has-post-thumbnail","hentry","category-recetas-dulces","tag-tartas"],"_links":{"self":[{"href":"https:\/\/lasrecetasdelualba.es\/index.php?rest_route=\/wp\/v2\/posts\/136","targetHints":{"allow":["GET"]}}],"collection":[{"href":"https:\/\/lasrecetasdelualba.es\/index.php?rest_route=\/wp\/v2\/posts"}],"about":[{"href":"https:\/\/lasrecetasdelualba.es\/index.php?rest_route=\/wp\/v2\/types\/post"}],"author":[{"embeddable":true,"href":"https:\/\/lasrecetasdelualba.es\/index.php?rest_route=\/wp\/v2\/users\/1"}],"replies":[{"embeddable":true,"href":"https:\/\/lasrecetasdelualba.es\/index.php?rest_route=%2Fwp%2Fv2%2Fcomments&post=136"}],"version-history":[{"count":4,"href":"https:\/\/lasrecetasdelualba.es\/index.php?rest_route=\/wp\/v2\/posts\/136\/revisions"}],"predecessor-version":[{"id":2518,"href":"https:\/\/lasrecetasdelualba.es\/index.php?rest_route=\/wp\/v2\/posts\/136\/revisions\/2518"}],"wp:featuredmedia":[{"embeddable":true,"href":"https:\/\/lasrecetasdelualba.es\/index.php?rest_route=\/wp\/v2\/media\/718"}],"wp:attachment":[{"href":"https:\/\/lasrecetasdelualba.es\/index.php?rest_route=%2Fwp%2Fv2%2Fmedia&parent=136"}],"wp:term":[{"taxonomy":"category","embeddable":true,"href":"https:\/\/lasrecetasdelualba.es\/index.php?rest_route=%2Fwp%2Fv2%2Fcategories&post=136"},{"taxonomy":"post_tag","embeddable":true,"href":"https:\/\/lasrecetasdelualba.es\/index.php?rest_route=%2Fwp%2Fv2%2Ftags&post=136"}],"curies":[{"name":"wp","href":"https:\/\/api.w.org\/{rel}","templated":true}]}}