{"id":1450,"date":"2019-03-30T08:19:21","date_gmt":"2019-03-30T08:19:21","guid":{"rendered":"https:\/\/lasrecetasdelualba.es\/?p=1450"},"modified":"2020-04-20T15:47:46","modified_gmt":"2020-04-20T15:47:46","slug":"tarta-de-queso-rapida","status":"publish","type":"post","link":"https:\/\/lasrecetasdelualba.es\/?p=1450","title":{"rendered":"TARTA DE QUESO R\u00c1PIDA"},"content":{"rendered":"<p>Buenos d\u00edas, estamos de primavera, y con un tiempo fant\u00e1stico aqu\u00ed en Galicia , por la ma\u00f1anas y por la noche\u00a0 hace fr\u00edo pero el resto del d\u00eda calorcito casi para irse a la playa \u00bf Que os parece?.\u00a0 Esta receta se la voy a dedicar a una clienta m\u00eda que se llama Mirian , es una persona encantadora y\u00a0 va a estar de cumplea\u00f1os, ayer paso por mi trabajo a hacerme una visita, y como esta en operaci\u00f3n vikini que mejor que darle un trozo de tarta de queso para probarla&#8230;. madre m\u00eda su mirada lo dec\u00eda todo, estaba Riqu\u00edsima&#8230; \u00a1\u00a1\u00a1\u00a1\u00a1FELIZ CUMPLEA\u00d1OS!!! ya se que aun faltan d\u00edas, pero por si me olvido.<\/p>\n<p>\u00bfOs gustan\u00a0 las tartas de queso?&#8230; a m\u00ed me encantan, pero lo que m\u00e1s me gusta de ellas es cuando la haces r\u00e1pido, pues est\u00e1 tarta es as\u00ed mezclar, hornear y enfriar y lista para comer \u00a1\u00a1 F\u00e1cil eh!! Esta tarta tiene una peculiaridad cuando la estas horneando sube mucho pero cuando baja, los bordes siguen quedando m\u00e1s altos que el centro de la tarta , y eso est\u00e1 guaii por que as\u00ed en el centro se le puede poner unas\u00a0 fresas , o nata montada y frutos rojos por encima para que parezca m\u00e1s espectacular&#8230; En m\u00ed caso no le he puesto nada , por que cuando algo ya esta bueno s\u00f3lo para que ponerle m\u00e1s &#8230; Pero si tuviera una fiesta y quisiera sorprender a los comensales alomejor\u00a0 le pondr\u00eda encima nata montada y fruta fresca&#8230; esto lo dejo para vuestra imaginaci\u00f3n.<\/p>\n<p>Ingredientes:<\/p>\n<ul>\n<li>4 huevos L<\/li>\n<li>500 gr de queso de untar ( que no sea light)<\/li>\n<li>150 gr de az\u00facar<img loading=\"lazy\" decoding=\"async\" class=\"wp-image-1453 alignright\" src=\"https:\/\/lasrecetasdelualba.es\/wp-content\/uploads\/2019\/03\/20190328_174420-300x225.jpg\" alt=\"\" width=\"401\" height=\"301\" srcset=\"https:\/\/lasrecetasdelualba.es\/wp-content\/uploads\/2019\/03\/20190328_174420-300x225.jpg 300w, https:\/\/lasrecetasdelualba.es\/wp-content\/uploads\/2019\/03\/20190328_174420-768x576.jpg 768w, https:\/\/lasrecetasdelualba.es\/wp-content\/uploads\/2019\/03\/20190328_174420-1024x768.jpg 1024w, https:\/\/lasrecetasdelualba.es\/wp-content\/uploads\/2019\/03\/20190328_174420-678x509.jpg 678w, https:\/\/lasrecetasdelualba.es\/wp-content\/uploads\/2019\/03\/20190328_174420-326x245.jpg 326w, https:\/\/lasrecetasdelualba.es\/wp-content\/uploads\/2019\/03\/20190328_174420-80x60.jpg 80w\" sizes=\"auto, (max-width: 401px) 100vw, 401px\" \/><\/li>\n<li>1 cucharada de esencia de vainilla<\/li>\n<li>200 ml de nata l\u00edquida\u00a0 35% materia grasa.<\/li>\n<li>2 cucharadas soperas de harina de todo uso.<\/li>\n<\/ul>\n<p>Preparaci\u00f3n :<\/p>\n<p>Precalentamos el horno a 200 grados, preparamos el molde redondo , cogemos dos hojas de papel de hornear las mojamos con agua del grifo, las escurrimos y\u00a0 cubrimos el molde con ellas, reservar.<\/p>\n<p>En un bol ponemos todos los ingredientes y los batimos con la batidora hasta que\u00a0 todos los ingredientes est\u00e9n bien integrados, pasamos est\u00e1 mezcla al molde que ten\u00edamos preparado. Bajamos la temperatura del horno a 180 grados y horneamos la tarta en la parte baja del horno, 45 minutos.<\/p>\n<p><strong>Este paso es el m\u00e1s importante de esta tarta<\/strong>, pasado el tiempo, apagamos el horno la dejamos dentro con el calor residual 10 minutos, despu\u00e9s le abrimos la puerta del horno, un poco,\u00a0 para que se vaya enfriando y finalmente la sacamos del horno y sin quitarla del molde la dejamos enfriar totalmente y la metemos en la nevera m\u00ednimo 4 horas , Y listo a comer.<\/p>\n<p>&nbsp;<\/p>\n","protected":false},"excerpt":{"rendered":"<p>Buenos d\u00edas, estamos de primavera, y con un tiempo fant\u00e1stico aqu\u00ed en Galicia , por la ma\u00f1anas y por la noche\u00a0 hace fr\u00edo pero el resto del d\u00eda calorcito casi para irse a la playa \u00bf Que os parece?.\u00a0 Esta receta se la voy a [&hellip;]<\/p>\n","protected":false},"author":1,"featured_media":1452,"comment_status":"open","ping_status":"open","sticky":false,"template":"","format":"standard","meta":{"footnotes":""},"categories":[54],"tags":[34],"class_list":["post-1450","post","type-post","status-publish","format-standard","has-post-thumbnail","hentry","category-tartas-de-queso","tag-tartas-de-queso"],"_links":{"self":[{"href":"https:\/\/lasrecetasdelualba.es\/index.php?rest_route=\/wp\/v2\/posts\/1450","targetHints":{"allow":["GET"]}}],"collection":[{"href":"https:\/\/lasrecetasdelualba.es\/index.php?rest_route=\/wp\/v2\/posts"}],"about":[{"href":"https:\/\/lasrecetasdelualba.es\/index.php?rest_route=\/wp\/v2\/types\/post"}],"author":[{"embeddable":true,"href":"https:\/\/lasrecetasdelualba.es\/index.php?rest_route=\/wp\/v2\/users\/1"}],"replies":[{"embeddable":true,"href":"https:\/\/lasrecetasdelualba.es\/index.php?rest_route=%2Fwp%2Fv2%2Fcomments&post=1450"}],"version-history":[{"count":2,"href":"https:\/\/lasrecetasdelualba.es\/index.php?rest_route=\/wp\/v2\/posts\/1450\/revisions"}],"predecessor-version":[{"id":1454,"href":"https:\/\/lasrecetasdelualba.es\/index.php?rest_route=\/wp\/v2\/posts\/1450\/revisions\/1454"}],"wp:featuredmedia":[{"embeddable":true,"href":"https:\/\/lasrecetasdelualba.es\/index.php?rest_route=\/wp\/v2\/media\/1452"}],"wp:attachment":[{"href":"https:\/\/lasrecetasdelualba.es\/index.php?rest_route=%2Fwp%2Fv2%2Fmedia&parent=1450"}],"wp:term":[{"taxonomy":"category","embeddable":true,"href":"https:\/\/lasrecetasdelualba.es\/index.php?rest_route=%2Fwp%2Fv2%2Fcategories&post=1450"},{"taxonomy":"post_tag","embeddable":true,"href":"https:\/\/lasrecetasdelualba.es\/index.php?rest_route=%2Fwp%2Fv2%2Ftags&post=1450"}],"curies":[{"name":"wp","href":"https:\/\/api.w.org\/{rel}","templated":true}]}}