{"id":193,"date":"2015-02-03T11:21:00","date_gmt":"2015-02-03T11:21:00","guid":{"rendered":"https:\/\/lasrecetasdelualba.es\/?p=193"},"modified":"2020-04-21T11:14:56","modified_gmt":"2020-04-21T11:14:56","slug":"tarta-de-manzana-de-flor","status":"publish","type":"post","link":"https:\/\/lasrecetasdelualba.es\/?p=193","title":{"rendered":"Tarta de manzana de Flor"},"content":{"rendered":"<p>Esta receta me la paso una amiga, ella tiene una cafeter\u00eda y con el caf\u00e9 de por la ma\u00f1ana pone un trocito de esta tarta, la verdad el caf\u00e9 est\u00e1 muy rico pero a la tarta le doy un 10 , as\u00ed que le ped\u00ed la receta, me dijo ella no suelo dar esta receta porque es una herencia, esta tarta pas\u00f3 de mi abuela a mi madre y de mi madre a mi&#8230; Y ahora pasa para mi y de mi para vosotros. Jajajaja&#8230;<\/p>\n<div>Hacer esta receta porque adem\u00e1s \u00a0de f\u00e1cil est\u00e1 Riqu\u00edsima !!<\/div>\n<div>\n<div class=\"separator\" style=\"clear: both; text-align: center;\"><\/div>\n<p><b><u>Ingredientes: <\/u><\/b><\/p>\n<p>(Se mide por una taza de caf\u00e9 )<\/p>\n<\/div>\n<ul>\n<li>1 taza de az\u00facar<\/li>\n<li>1 taza de harina con levadura<\/li>\n<li>1 manzana<\/li>\n<li>1 huevo<\/li>\n<li>1 taza de leche<\/li>\n<li>Un chorro de co\u00f1ac<\/li>\n<li>100 gr de mantequilla fr\u00eda<\/li>\n<li>Canela<\/li>\n<li>Az\u00facar Moreno<\/li>\n<\/ul>\n<div><b><u>Preparaci\u00f3n :<\/u><\/b><b><u><br \/>\n<\/u><\/b><\/div>\n<div>Unir el az\u00facar con la mantequilla, hasta que quede toda la mantequilla desmenuzada ( No es una masa homog\u00e9nea sino que queda arenosa)<\/div>\n<div>Se echa en un molde para ir al horno, la mitad de la masa,luego se pone encima la manzana en trocitos y por encima de \u00e9sta el resto de la masa.<\/div>\n<div>Se bate el huevo con la leche y un chorrito de co\u00f1ac y se esparce por encima de la tarta.<\/div>\n<div>Por \u00faltimo, se espolvorea por encima de la tarta canela y az\u00facar Moreno, y se mete al horno a 180 grados de 20 a 30 mint .Se saca del horno se deja enfriar y se mete en la nevera . Sola est\u00e1 rica pero se puede acompa\u00f1ar con helado o fruta fresca.<\/div>\n","protected":false},"excerpt":{"rendered":"<p>Esta receta me la paso una amiga, ella tiene una cafeter\u00eda y con el caf\u00e9 de por la ma\u00f1ana pone un trocito de esta tarta, la verdad el caf\u00e9 est\u00e1 muy rico pero a la tarta le doy un 10 , as\u00ed que le ped\u00ed [&hellip;]<\/p>\n","protected":false},"author":1,"featured_media":844,"comment_status":"open","ping_status":"open","sticky":false,"template":"","format":"standard","meta":{"footnotes":""},"categories":[57],"tags":[2,4],"class_list":["post-193","post","type-post","status-publish","format-standard","has-post-thumbnail","hentry","category-tartas","tag-postres","tag-tartas"],"_links":{"self":[{"href":"https:\/\/lasrecetasdelualba.es\/index.php?rest_route=\/wp\/v2\/posts\/193","targetHints":{"allow":["GET"]}}],"collection":[{"href":"https:\/\/lasrecetasdelualba.es\/index.php?rest_route=\/wp\/v2\/posts"}],"about":[{"href":"https:\/\/lasrecetasdelualba.es\/index.php?rest_route=\/wp\/v2\/types\/post"}],"author":[{"embeddable":true,"href":"https:\/\/lasrecetasdelualba.es\/index.php?rest_route=\/wp\/v2\/users\/1"}],"replies":[{"embeddable":true,"href":"https:\/\/lasrecetasdelualba.es\/index.php?rest_route=%2Fwp%2Fv2%2Fcomments&post=193"}],"version-history":[{"count":3,"href":"https:\/\/lasrecetasdelualba.es\/index.php?rest_route=\/wp\/v2\/posts\/193\/revisions"}],"predecessor-version":[{"id":1694,"href":"https:\/\/lasrecetasdelualba.es\/index.php?rest_route=\/wp\/v2\/posts\/193\/revisions\/1694"}],"wp:featuredmedia":[{"embeddable":true,"href":"https:\/\/lasrecetasdelualba.es\/index.php?rest_route=\/wp\/v2\/media\/844"}],"wp:attachment":[{"href":"https:\/\/lasrecetasdelualba.es\/index.php?rest_route=%2Fwp%2Fv2%2Fmedia&parent=193"}],"wp:term":[{"taxonomy":"category","embeddable":true,"href":"https:\/\/lasrecetasdelualba.es\/index.php?rest_route=%2Fwp%2Fv2%2Fcategories&post=193"},{"taxonomy":"post_tag","embeddable":true,"href":"https:\/\/lasrecetasdelualba.es\/index.php?rest_route=%2Fwp%2Fv2%2Ftags&post=193"}],"curies":[{"name":"wp","href":"https:\/\/api.w.org\/{rel}","templated":true}]}}