{"id":228,"date":"2014-12-01T11:31:00","date_gmt":"2014-12-01T11:31:00","guid":{"rendered":"https:\/\/lasrecetasdelualba.es\/?p=228"},"modified":"2020-05-28T20:51:54","modified_gmt":"2020-05-28T20:51:54","slug":"tarta-y-tartaletas-de-manzana","status":"publish","type":"post","link":"https:\/\/lasrecetasdelualba.es\/?p=228","title":{"rendered":"Tarta y tartaletas de manzana"},"content":{"rendered":"<div dir=\"ltr\">Cuando era peque\u00f1a viv\u00eda en un pueblo cerca de Sada y cuando est\u00e1bamos en fiestas los vecinos hac\u00edan estas tartas&#8230; pero a lo grande las m\u00edas son minis&#8230; jajajaja .Nunca podre olvidar el sabor de esas tartas, porque estaban Riqu\u00edsimas!!, as\u00ed que hoy me animo yo a hacerlas, esta receta paso de casa en casa hasta llegar a mis manos\u00a0 y la comparto con vosotros, hacerla porque son unas tartas de sabor suave y agradable, vamos de las que no puedes parar de comer.<\/div>\n<div class=\"separator\" style=\"clear: both; text-align: center;\"><\/div>\n<div dir=\"ltr\"><b><u>\u00a0<\/u><\/b><\/div>\n<div dir=\"ltr\"><b><u>Ingredientes para la masa quebrada:<\/u><\/b><b><u><\/u><\/b><\/div>\n<ul>\n<li>200 gr de harina<\/li>\n<li>100 gr de mantequilla fr\u00eda<\/li>\n<li>1 huevo<\/li>\n<li>1 pizca de sal<\/li>\n<li>50 gr de az\u00facar glass<\/li>\n<\/ul>\n<div dir=\"ltr\"><a style=\"clear: right; float: right; margin-bottom: 1em; margin-left: 1em;\" href=\"https:\/\/lasrecetasdelualba.es\/wp-content\/uploads\/2014\/12\/IMG_20140830_193708-768x1024.jpg\"><img loading=\"lazy\" decoding=\"async\" src=\"https:\/\/lasrecetasdelualba.es\/wp-content\/uploads\/2014\/12\/IMG_20140830_193708-768x1024.jpg\" width=\"240\" height=\"320\" border=\"0\" \/><\/a><em><strong>Para el relleno:<\/strong><\/em><\/div>\n<ul>\n<li>Una porci\u00f3n de crema pastelera<\/li>\n<li>2 manzanas<\/li>\n<li>Dos cucharadas de mermelada de albaricoque<\/li>\n<\/ul>\n<div dir=\"ltr\"><\/div>\n<div dir=\"ltr\"><b><u>Elaboraci\u00f3n:<\/u><\/b><b><u><\/u><\/b><br \/>\nPrimero hacemos la masa, en un bol tamizamos las harina ,echamos la mantequilla fr\u00eda y amasamos hasta que quede una mezcla arenosa.<br \/>\nAhora echamos el huevo, la\u00a0 pizca de sal y el az\u00facar, revolvemos todo hasta formar una bola la envolvemos\u00a0 en film transparente y la metemos en la nevera 2 horas m\u00ednimo.<\/div>\n<div dir=\"ltr\">Precalentamos el horno a 180 grados.<\/div>\n<div dir=\"ltr\">Quitamos la masa de la nevera la estiramos y colocamos en los moldes elegidos, la horneamos 10 mint, la sacamos del horno, rellenamos con la crema pastelera y ponemos la manzana en medias rodajas por encima y 10 mint m\u00e1s al horno .<br \/>\nUna vez listas las barnizamos con mermelada de albaricoque. Dejamos enfriar.<\/div>\n","protected":false},"excerpt":{"rendered":"<p>Cuando era peque\u00f1a viv\u00eda en un pueblo cerca de Sada y cuando est\u00e1bamos en fiestas los vecinos hac\u00edan estas tartas&#8230; pero a lo grande las m\u00edas son minis&#8230; jajajaja .Nunca podre olvidar el sabor de esas tartas, porque estaban Riqu\u00edsimas!!, as\u00ed que hoy me animo [&hellip;]<\/p>\n","protected":false},"author":1,"featured_media":916,"comment_status":"open","ping_status":"open","sticky":false,"template":"","format":"standard","meta":{"footnotes":""},"categories":[50],"tags":[2,4],"class_list":["post-228","post","type-post","status-publish","format-standard","has-post-thumbnail","hentry","category-recetas-dulces","tag-postres","tag-tartas"],"_links":{"self":[{"href":"https:\/\/lasrecetasdelualba.es\/index.php?rest_route=\/wp\/v2\/posts\/228","targetHints":{"allow":["GET"]}}],"collection":[{"href":"https:\/\/lasrecetasdelualba.es\/index.php?rest_route=\/wp\/v2\/posts"}],"about":[{"href":"https:\/\/lasrecetasdelualba.es\/index.php?rest_route=\/wp\/v2\/types\/post"}],"author":[{"embeddable":true,"href":"https:\/\/lasrecetasdelualba.es\/index.php?rest_route=\/wp\/v2\/users\/1"}],"replies":[{"embeddable":true,"href":"https:\/\/lasrecetasdelualba.es\/index.php?rest_route=%2Fwp%2Fv2%2Fcomments&post=228"}],"version-history":[{"count":3,"href":"https:\/\/lasrecetasdelualba.es\/index.php?rest_route=\/wp\/v2\/posts\/228\/revisions"}],"predecessor-version":[{"id":1597,"href":"https:\/\/lasrecetasdelualba.es\/index.php?rest_route=\/wp\/v2\/posts\/228\/revisions\/1597"}],"wp:featuredmedia":[{"embeddable":true,"href":"https:\/\/lasrecetasdelualba.es\/index.php?rest_route=\/wp\/v2\/media\/916"}],"wp:attachment":[{"href":"https:\/\/lasrecetasdelualba.es\/index.php?rest_route=%2Fwp%2Fv2%2Fmedia&parent=228"}],"wp:term":[{"taxonomy":"category","embeddable":true,"href":"https:\/\/lasrecetasdelualba.es\/index.php?rest_route=%2Fwp%2Fv2%2Fcategories&post=228"},{"taxonomy":"post_tag","embeddable":true,"href":"https:\/\/lasrecetasdelualba.es\/index.php?rest_route=%2Fwp%2Fv2%2Ftags&post=228"}],"curies":[{"name":"wp","href":"https:\/\/api.w.org\/{rel}","templated":true}]}}