{"id":2412,"date":"2020-04-17T10:02:54","date_gmt":"2020-04-17T10:02:54","guid":{"rendered":"https:\/\/lasrecetasdelualba.es\/?p=2412"},"modified":"2020-04-20T11:01:44","modified_gmt":"2020-04-20T11:01:44","slug":"pastel-de-patatas-y-brecol","status":"publish","type":"post","link":"https:\/\/lasrecetasdelualba.es\/?p=2412","title":{"rendered":"PASTEL DE PATATAS Y BR\u00c9COL"},"content":{"rendered":"<p>Buenos d\u00edas como echo de menos ir a trabajar&#8230; ver a mis clientas pero sobre todo a mis compa\u00f1eras de trabajo, llevamos 35 d\u00edas en casa confinados y aun no se sabe cuando vamos a volver&#8230;<\/p>\n<p>Cuando llegaba a trabajar lo que m\u00e1s me gustaba era que qui\u00e9n me abriera la puerta siempre ten\u00eda una sonrisa para m\u00ed, era como si se alegrar\u00e1n de verme aunque nos hab\u00edamos visto el d\u00eda anterior&#8230;Daba igual quien te abriera la puerta todos se alegraban de verte&#8230; Yo creo que yo tambi\u00e9n lo hac\u00eda pero despu\u00e9s de estar un mes confinado en casa empiezas a echar cosas de menos que antes ni te dabas cuenta que exist\u00edan&#8230;<\/p>\n<p>A media tarde sol\u00edamos merendar, ten\u00edamos una despensa, no pens\u00e9is que todo era saludable&#8230; Cristina sol\u00eda comer nueces, Roc\u00edo almendras o unas galletas, Ingrid lo que le sobraba de al mediod\u00eda y&#8230; \u00a1\u00a1YO!! \u00a0Todo lo que me encontraba por la despensa, empezaba por patatas fritas, seguidamente me com\u00eda un trozo de chocolate y para finalizar un caf\u00e9&#8230;Claro lo que ten\u00e9is que entender es que despu\u00e9s de trabajar toda la tarde ten\u00edamos hambre&#8230;<\/p>\n<p>Pero hab\u00eda un d\u00eda a la semana que est\u00e1bamos como locas que llegara, el d\u00eda que cocinaba la madre de Roc\u00edo \u00a0y Cristina , hacia comida para toda la familia y hasta sobraba para merendar, ese d\u00eda est\u00e1bamos deseando merendar, cog\u00edamos un plato y pon\u00edamos las sobras de al mediod\u00eda y con dos tenedores compart\u00edamos lo que hab\u00eda en el plato, ya fuera mucho o poco, pero ese momento de compartir la comida lo echo mucho de menos&#8230;<\/p>\n<p>Una semana antes del confinamiento, llegue un d\u00eda al trabajo y era como cualquier d\u00eda \u00a0normal , lo \u00fanico especial fue cuando a las 18:30 entre en el despacho y me encontr\u00e9 a m\u00ed compi prepar\u00e1ndose un plato&#8230;\u00bf oye que es eso?&#8230; la verdad no ten\u00eda muy buena pinta despu\u00e9s de recalentar lo en el microondas&#8230; me dice mi compi \u00a1\u00a1 Luc\u00ed tienes que probar esto lo hizo la madre de Cris, ya se que no tiene buena pinta pero est\u00e1 Riqu\u00edsimo &#8230;<\/p>\n<p>Sin pens\u00e1rmelo cog\u00ed mi tenedor y me sent\u00e9 al lado de ella y lo prob\u00e9&#8230; y all\u00ed las dos pensando en lo que llevaba&#8230; estaba exquisito, en ese instante llego Cris y nos dijo \u00a1\u00a1 Qu\u00e9 merendando!! Ja ja ja &#8230; Cris nos explico lo que llevaba y nos dijo que ella tambi\u00e9n lo sol\u00eda hacer en casa pero con coliflor, que era s\u00faper f\u00e1cil de hacer y te hac\u00edas una comida r\u00e1pidamente .<\/p>\n<p>Bueno pues hoy voy a compartir la receta de la abuela Mar\u00eda del Carmen, que nos gusto tanto, esta receta la hice para acompa\u00f1ar unos filetes en vez de poner patatas fritas, en m\u00ed casa les encant\u00f3 y en base a est\u00e1 receta se me ocurri\u00f3 otras&#8230;<\/p>\n<p>&nbsp;<\/p>\n<p>&nbsp;<\/p>\n<p><img loading=\"lazy\" decoding=\"async\" class=\"wp-image-2422 aligncenter\" src=\"https:\/\/lasrecetasdelualba.es\/wp-content\/uploads\/2020\/04\/20200410_144424-300x225.jpg\" alt=\"\" width=\"331\" height=\"248\" srcset=\"https:\/\/lasrecetasdelualba.es\/wp-content\/uploads\/2020\/04\/20200410_144424-300x225.jpg 300w, https:\/\/lasrecetasdelualba.es\/wp-content\/uploads\/2020\/04\/20200410_144424-768x576.jpg 768w, https:\/\/lasrecetasdelualba.es\/wp-content\/uploads\/2020\/04\/20200410_144424-1024x768.jpg 1024w\" sizes=\"auto, (max-width: 331px) 100vw, 331px\" \/><\/p>\n<p>&nbsp;<\/p>\n<p>&nbsp;<\/p>\n<p><em><strong>Ingredientes:<\/strong><\/em><\/p>\n<ul>\n<li>1 sobre de pur\u00e9 de patatas .<\/li>\n<li>Jam\u00f3n Serrano cortado en taquitos.<\/li>\n<li>Sal .<\/li>\n<li>Comino .<\/li>\n<li>Br\u00f3coli Romanesco.<\/li>\n<li>Queso rallado .<\/li>\n<\/ul>\n<p><em><strong>Preparaci\u00f3n:<\/strong><\/em><\/p>\n<p>Lavamos el br\u00f3coli y lo cortamos en ramilletes, ponemos una pota al fuego y lo cocemos 15 minutos \u00a0 Pasado el tiempo, lo escurrimos y le echamos agua fr\u00eda para cortar la cocci\u00f3n , reservar .<\/p>\n<p>Preparamos el pur\u00e9 de patatas, solo hay que seguir las instrucciones del fabricante, le echamos sal y comino al gusto.<\/p>\n<p>Precalentar el horno a 180 grados.<\/p>\n<p>En una fuente ponemos una capa de pur\u00e9 de patatas, encima el br\u00f3coli y la mitad de jam\u00f3n serrano en taquitos, seguidamente ponemos encima otra capa de pur\u00e9 de patatas la alisamos con cuidado para que no se rompa el br\u00f3coli, repartimos por encima el queso rallado y el resto de taquitos de jam\u00f3n , lo metemos en el horno y lo gratinamos hasta que el queso est\u00e9 derretido y listo.<\/p>\n<p>Tanto esta receta de acompa\u00f1amiento de carne o de primer plato es sensacional.<\/p>\n<p style=\"text-align: center;\"><em><strong>Feliz semana a todos<\/strong><\/em><\/p>\n<p>&nbsp;<\/p>\n<p>&nbsp;<\/p>\n","protected":false},"excerpt":{"rendered":"<p>Buenos d\u00edas como echo de menos ir a trabajar&#8230; ver a mis clientas pero sobre todo a mis compa\u00f1eras de trabajo, llevamos 35 d\u00edas en casa confinados y aun no se sabe cuando vamos a volver&#8230; Cuando llegaba a trabajar lo que m\u00e1s me gustaba [&hellip;]<\/p>\n","protected":false},"author":1,"featured_media":2419,"comment_status":"open","ping_status":"open","sticky":false,"template":"","format":"standard","meta":{"footnotes":""},"categories":[49],"tags":[22,41,33,6],"class_list":["post-2412","post","type-post","status-publish","format-standard","has-post-thumbnail","hentry","category-verduras-legumbres","tag-aperitivos","tag-cocina-saludable","tag-patatas","tag-verduras"],"_links":{"self":[{"href":"https:\/\/lasrecetasdelualba.es\/index.php?rest_route=\/wp\/v2\/posts\/2412","targetHints":{"allow":["GET"]}}],"collection":[{"href":"https:\/\/lasrecetasdelualba.es\/index.php?rest_route=\/wp\/v2\/posts"}],"about":[{"href":"https:\/\/lasrecetasdelualba.es\/index.php?rest_route=\/wp\/v2\/types\/post"}],"author":[{"embeddable":true,"href":"https:\/\/lasrecetasdelualba.es\/index.php?rest_route=\/wp\/v2\/users\/1"}],"replies":[{"embeddable":true,"href":"https:\/\/lasrecetasdelualba.es\/index.php?rest_route=%2Fwp%2Fv2%2Fcomments&post=2412"}],"version-history":[{"count":8,"href":"https:\/\/lasrecetasdelualba.es\/index.php?rest_route=\/wp\/v2\/posts\/2412\/revisions"}],"predecessor-version":[{"id":2423,"href":"https:\/\/lasrecetasdelualba.es\/index.php?rest_route=\/wp\/v2\/posts\/2412\/revisions\/2423"}],"wp:featuredmedia":[{"embeddable":true,"href":"https:\/\/lasrecetasdelualba.es\/index.php?rest_route=\/wp\/v2\/media\/2419"}],"wp:attachment":[{"href":"https:\/\/lasrecetasdelualba.es\/index.php?rest_route=%2Fwp%2Fv2%2Fmedia&parent=2412"}],"wp:term":[{"taxonomy":"category","embeddable":true,"href":"https:\/\/lasrecetasdelualba.es\/index.php?rest_route=%2Fwp%2Fv2%2Fcategories&post=2412"},{"taxonomy":"post_tag","embeddable":true,"href":"https:\/\/lasrecetasdelualba.es\/index.php?rest_route=%2Fwp%2Fv2%2Ftags&post=2412"}],"curies":[{"name":"wp","href":"https:\/\/api.w.org\/{rel}","templated":true}]}}