{"id":2576,"date":"2020-05-07T09:10:18","date_gmt":"2020-05-07T09:10:18","guid":{"rendered":"https:\/\/lasrecetasdelualba.es\/?p=2576"},"modified":"2020-05-07T09:24:40","modified_gmt":"2020-05-07T09:24:40","slug":"empanadillas-de-atun","status":"publish","type":"post","link":"https:\/\/lasrecetasdelualba.es\/?p=2576","title":{"rendered":"EMPANADILLAS DE AT\u00daN"},"content":{"rendered":"<p>Buenos d\u00edas aqu\u00ed estoy delante de m\u00ed ventana escribiendo.<\/p>\n<p>Desde m\u00ed ventana se ve un parque muy grande y me encanta mirar hacia \u00e9l, ahora que empezamos a salir se ve un mont\u00f3n de gente paseando por el parque a partir de las 8 de la tarde m\u00e1s de lo habitual, yo creo que hay gente que jam\u00e1s hab\u00eda venido hasta aqu\u00ed a pasear&#8230;s\u00ed lo s\u00e9 yo tambi\u00e9n podr\u00eda salir pero al ver tanta gente ni me apetece, adem\u00e1s como tengo una menor de 14 a\u00f1os suelo salir con ella una hora por la tarde.<\/p>\n<p>Pense que iba a echar de menos esto de no salir pero aunque os parezca incre\u00edble a esta hora es cuando m\u00e1s me gusta estar en casa, pero al verlos a ellos paseando y haciendo deporte es como si yo estuviera m\u00e1s libre&#8230; aunque son ellos los que se deben de sentir m\u00e1s libres ya que est\u00e1n en el parque y yo en casa.<\/p>\n<p>El Domingo pasado, fue el d\u00eda de la Madre, y s\u00ed el parque se llen\u00f3 como es habitual en estos d\u00edas que empiezan a dejarnos salir, yo como siempre me qued\u00e9 en casa y empece a hacer la cena&#8230; pues no ten\u00edamos mucha hambre&#8230; entre que te levantas un poco m\u00e1s tarde, preparas una comida especial ya que es el d\u00eda de la madre y no nos olvidemos del postre&#8230; pues al final comes a las 3 de la tarde y cuando terminas ya es casi la hora de merendar&#8230; \u00bf No os a pasado nunca? .<\/p>\n<p>Abr\u00ed la nevera y no sabes ni que hacer de cenar ya que aun tienes la comida en el est\u00f3mago como qui\u00e9n dice&#8230;pero all\u00ed encontr\u00e9 un paquete de obleas para empanadillas y en la parte de atr\u00e1s tra\u00eda una receta, pues manos a la obra&#8230; aunque yo le a\u00f1ad\u00ed alg\u00fan ingrediente m\u00e1s a la receta quedaron fant\u00e1sticas.<\/p>\n<p>Como me gustan estas obleas no se qu\u00e9 llevan ni como las hacen pero quedan super crujientes y para una cena r\u00e1pida est\u00e1n fant\u00e1sticas y quedas como el mejor cocinero del mundo, os aseguro que no quedar\u00e1 ninguna en el plato.<\/p>\n<p><em><strong>Ingredientes:<\/strong><\/em><\/p>\n<ul>\n<li>1 paquete de obleas.<\/li>\n<li>1 lata de at\u00fan .<\/li>\n<li>Tomate frito.<\/li>\n<li>Aceitunas sin hueso.<\/li>\n<li>1 Huevo cocido.<\/li>\n<\/ul>\n<p><em><strong>Preparaci\u00f3n :<\/strong><\/em><\/p>\n<p>Empezamos con el relleno, en un bol ponemos el at\u00fan escurrido, el huevo picado, 2 cucharadas de tomate frito y las aceitunas picadas, mezclamos todo bien.<\/p>\n<p>Abrimos el paquete de obleas y cogemos y cogemos una, ponemos en el centro de la oblea una cucharadita del relleno, la doblamos por la mitad, y con un tenedor sellamos los bordes, as\u00ed con todas.<\/p>\n<p>Calentamos abundante aceite en una sart\u00e9n, y las fre\u00edmos hasta que est\u00e9n doradas por ambos lados, las vamos poniendo sobre papel absorbente para quitarles el exceso de aceite y las pasamos a un plato.<\/p>\n<p>Y listo . Servir enseguida, No van a durar mucho ya que est\u00e1n Riqu\u00edsimas.<\/p>\n","protected":false},"excerpt":{"rendered":"<p>Buenos d\u00edas aqu\u00ed estoy delante de m\u00ed ventana escribiendo. Desde m\u00ed ventana se ve un parque muy grande y me encanta mirar hacia \u00e9l, ahora que empezamos a salir se ve un mont\u00f3n de gente paseando por el parque a partir de las 8 de [&hellip;]<\/p>\n","protected":false},"author":1,"featured_media":2601,"comment_status":"open","ping_status":"open","sticky":false,"template":"","format":"standard","meta":{"footnotes":""},"categories":[53],"tags":[17],"class_list":["post-2576","post","type-post","status-publish","format-standard","has-post-thumbnail","hentry","category-pan-masas","tag-empanada"],"_links":{"self":[{"href":"https:\/\/lasrecetasdelualba.es\/index.php?rest_route=\/wp\/v2\/posts\/2576","targetHints":{"allow":["GET"]}}],"collection":[{"href":"https:\/\/lasrecetasdelualba.es\/index.php?rest_route=\/wp\/v2\/posts"}],"about":[{"href":"https:\/\/lasrecetasdelualba.es\/index.php?rest_route=\/wp\/v2\/types\/post"}],"author":[{"embeddable":true,"href":"https:\/\/lasrecetasdelualba.es\/index.php?rest_route=\/wp\/v2\/users\/1"}],"replies":[{"embeddable":true,"href":"https:\/\/lasrecetasdelualba.es\/index.php?rest_route=%2Fwp%2Fv2%2Fcomments&post=2576"}],"version-history":[{"count":5,"href":"https:\/\/lasrecetasdelualba.es\/index.php?rest_route=\/wp\/v2\/posts\/2576\/revisions"}],"predecessor-version":[{"id":2603,"href":"https:\/\/lasrecetasdelualba.es\/index.php?rest_route=\/wp\/v2\/posts\/2576\/revisions\/2603"}],"wp:featuredmedia":[{"embeddable":true,"href":"https:\/\/lasrecetasdelualba.es\/index.php?rest_route=\/wp\/v2\/media\/2601"}],"wp:attachment":[{"href":"https:\/\/lasrecetasdelualba.es\/index.php?rest_route=%2Fwp%2Fv2%2Fmedia&parent=2576"}],"wp:term":[{"taxonomy":"category","embeddable":true,"href":"https:\/\/lasrecetasdelualba.es\/index.php?rest_route=%2Fwp%2Fv2%2Fcategories&post=2576"},{"taxonomy":"post_tag","embeddable":true,"href":"https:\/\/lasrecetasdelualba.es\/index.php?rest_route=%2Fwp%2Fv2%2Ftags&post=2576"}],"curies":[{"name":"wp","href":"https:\/\/api.w.org\/{rel}","templated":true}]}}