{"id":2773,"date":"2020-09-25T09:46:50","date_gmt":"2020-09-25T09:46:50","guid":{"rendered":"https:\/\/lasrecetasdelualba.es\/?p=2773"},"modified":"2020-09-25T09:46:50","modified_gmt":"2020-09-25T09:46:50","slug":"caprichos-de-viernes","status":"publish","type":"post","link":"https:\/\/lasrecetasdelualba.es\/?p=2773","title":{"rendered":"CAPRICHOS DE VIERNES"},"content":{"rendered":"<p>\u00a1Buenos d\u00edas!<\/p>\n<p>\u00bf Que tal todo? Mi hija ya ha empezado el instituto y yo he aprobechado para encender el horno ya que aqu\u00ed en Galicia han bajado mucho las temperaturas y casi ya nos tenemos que empezar a poner ropa de invierno&#8230; \u00bf C\u00f3mo lo veis ?<\/p>\n<p>Pues dicen en los informativos que a\u00fan van a bajar m\u00e1s las temperaturas&#8230; Yo estoy encantada ya que soy una chica de invierno y esto que puedas encender el horno y no te ases en la cocina es una maravilla, ya se que no estamos todos de acuerdo, el verano tambi\u00e9n es una maravilla pero no puedo encender el horno ja ja ja .<\/p>\n<p>Esta es una receta r\u00e1pida de esas que mezclar todo y horneas, de las que haces en un momentito&#8230;<\/p>\n<p><em><strong>Ingredientes:<\/strong><\/em><\/p>\n<ul>\n<li>10 obleas para empanadillas.<\/li>\n<li>3 huevos de gallinas felices.<\/li>\n<li>100 gr de az\u00facar.<\/li>\n<li>78 gr de mantequilla.<\/li>\n<li>16 quesitos.<\/li>\n<li>1 cucharada colmada de maicena.<\/li>\n<li>Ralladura de 1 lim\u00f3n.<\/li>\n<li>Az\u00facar glas\u00e9.<\/li>\n<\/ul>\n<p><em><strong>Preparaci\u00f3n:\u00a0<\/strong><\/em><\/p>\n<p>Precalentar el horno a 180 grados calor arriba y abajo.<\/p>\n<p>Pelar los quesitos, batir los huevos y reserva ambos.<\/p>\n<p>Coloca las obleas de empanadillas en moldes para hacer magdalenas.<\/p>\n<p>En un cazo derretir la mantequilla, incorpora el az\u00facar sin dejar de remover hasta que se disuelva, separar del fuego y dejar templar, reservar.<\/p>\n<p>En una vaso de batidora, poner los huevos batidos, los quesitos, la cucharada de maicena, la ralladura de lim\u00f3n y por \u00faltimo la mezcla de mantequilla y az\u00facar reservada, triturar todo junto hasta que todos los ingredientes est\u00e9n bien integrados, quedar\u00e1 una crema suave y esponjosa.<\/p>\n<p>Rellenar las obleas, de modo que la crema llegue hasta el borde.<\/p>\n<p>Hornear a 180 grados calor arriba y abajo 20 minutos.<\/p>\n<p>Retirarlas del horno, d\u00e9jalas enfriar sobre una rejilla y espolvorea con az\u00facar glas\u00e9.<\/p>\n<p>Y listo a disfrutar, se pueden tomar templadas o fr\u00edas.<\/p>\n<p style=\"text-align: center;\"><em><strong>FELIZ SEMANA A TODOS<\/strong><\/em><\/p>\n<p>&nbsp;<\/p>\n","protected":false},"excerpt":{"rendered":"<p>\u00a1Buenos d\u00edas! \u00bf Que tal todo? Mi hija ya ha empezado el instituto y yo he aprobechado para encender el horno ya que aqu\u00ed en Galicia han bajado mucho las temperaturas y casi ya nos tenemos que empezar a poner ropa de invierno&#8230; \u00bf C\u00f3mo [&hellip;]<\/p>\n","protected":false},"author":1,"featured_media":2774,"comment_status":"open","ping_status":"open","sticky":false,"template":"","format":"standard","meta":{"footnotes":""},"categories":[50],"tags":[34],"class_list":["post-2773","post","type-post","status-publish","format-standard","has-post-thumbnail","hentry","category-recetas-dulces","tag-tartas-de-queso"],"_links":{"self":[{"href":"https:\/\/lasrecetasdelualba.es\/index.php?rest_route=\/wp\/v2\/posts\/2773","targetHints":{"allow":["GET"]}}],"collection":[{"href":"https:\/\/lasrecetasdelualba.es\/index.php?rest_route=\/wp\/v2\/posts"}],"about":[{"href":"https:\/\/lasrecetasdelualba.es\/index.php?rest_route=\/wp\/v2\/types\/post"}],"author":[{"embeddable":true,"href":"https:\/\/lasrecetasdelualba.es\/index.php?rest_route=\/wp\/v2\/users\/1"}],"replies":[{"embeddable":true,"href":"https:\/\/lasrecetasdelualba.es\/index.php?rest_route=%2Fwp%2Fv2%2Fcomments&post=2773"}],"version-history":[{"count":1,"href":"https:\/\/lasrecetasdelualba.es\/index.php?rest_route=\/wp\/v2\/posts\/2773\/revisions"}],"predecessor-version":[{"id":2775,"href":"https:\/\/lasrecetasdelualba.es\/index.php?rest_route=\/wp\/v2\/posts\/2773\/revisions\/2775"}],"wp:featuredmedia":[{"embeddable":true,"href":"https:\/\/lasrecetasdelualba.es\/index.php?rest_route=\/wp\/v2\/media\/2774"}],"wp:attachment":[{"href":"https:\/\/lasrecetasdelualba.es\/index.php?rest_route=%2Fwp%2Fv2%2Fmedia&parent=2773"}],"wp:term":[{"taxonomy":"category","embeddable":true,"href":"https:\/\/lasrecetasdelualba.es\/index.php?rest_route=%2Fwp%2Fv2%2Fcategories&post=2773"},{"taxonomy":"post_tag","embeddable":true,"href":"https:\/\/lasrecetasdelualba.es\/index.php?rest_route=%2Fwp%2Fv2%2Ftags&post=2773"}],"curies":[{"name":"wp","href":"https:\/\/api.w.org\/{rel}","templated":true}]}}