{"id":3174,"date":"2021-12-03T08:57:40","date_gmt":"2021-12-03T08:57:40","guid":{"rendered":"https:\/\/lasrecetasdelualba.es\/?p=3174"},"modified":"2021-12-03T08:57:40","modified_gmt":"2021-12-03T08:57:40","slug":"minchas","status":"publish","type":"post","link":"https:\/\/lasrecetasdelualba.es\/?p=3174","title":{"rendered":"MINCHAS"},"content":{"rendered":"<p>\u00a1 Buenos d\u00edas!<\/p>\n<p>\u00bfEst\u00e1is preparados para el fin de semana?<\/p>\n<p>\u00bf Os vais de puente?<\/p>\n<p>Si os vais a disfrutar, por aqu\u00ed ya huele a navidad &#8230; y como todos los a\u00f1os est\u00e1 semana tocan las ideas de entrantes y aperitivos .<\/p>\n<p>Hace una semana fui a la plaza y vi unas minchas, vaya pens\u00e9 cuanto tiempo sin comerlas,\u00a0 y con lo ricas que est\u00e1n&#8230;<\/p>\n<p>Esto ser\u00eda un aperitivo perfecto, mientras calientas el primer plato los tienes entretenidos con una botella de vino blanco y comiendo las minchas ya que lleva su tiempo sacarlas del caparaz\u00f3n&#8230;&#x1f603;<\/p>\n<p>Adem\u00e1s es una receta super f\u00e1cil &#x1f60b;, vamos all\u00e1.<\/p>\n<p><em><strong>Ingredientes:\u00a0<\/strong><\/em><\/p>\n<ul>\n<li>1 kilo y 1\/2 de minchas.<\/li>\n<li>Sal .<\/li>\n<li>1 hoja de laurel.<\/li>\n<\/ul>\n<p><em><strong>Preparaci\u00f3n:<\/strong><\/em><\/p>\n<p><em>Cogemos una pota y la llenamos de agua, la ponemos a hervir cuando de el primer hervor a\u00f1adimos un pu\u00f1ado de sal.<\/em><\/p>\n<p><em>Esperamos a que d\u00e9 el segundo hervor y a\u00f1adimos laa minchas todas juntas y la hoja de laurel l<\/em><em style=\"font-size: 1rem;\">as cocemos<strong> 2 minutos .<\/strong><\/em><\/p>\n<p>El tiempo de cocci\u00f3n es lo m\u00e1s importante ya que si os pas\u00e1is de los 2 minutos se pegaran y no ser\u00e9is capaz de sacarlos.<\/p>\n<p>Las colocamos en una fuente y listo, a disfrutar.<\/p>\n<p style=\"text-align: center;\"><em><strong>FELICES FIESTAS<\/strong><\/em><\/p>\n<p>&nbsp;<\/p>\n","protected":false},"excerpt":{"rendered":"<p>\u00a1 Buenos d\u00edas! \u00bfEst\u00e1is preparados para el fin de semana? \u00bf Os vais de puente? Si os vais a disfrutar, por aqu\u00ed ya huele a navidad &#8230; y como todos los a\u00f1os est\u00e1 semana tocan las ideas de entrantes y aperitivos . Hace una semana [&hellip;]<\/p>\n","protected":false},"author":1,"featured_media":3176,"comment_status":"open","ping_status":"open","sticky":false,"template":"","format":"standard","meta":{"footnotes":""},"categories":[65],"tags":[39,64],"class_list":["post-3174","post","type-post","status-publish","format-standard","has-post-thumbnail","hentry","category-navidad","tag-marisco","tag-recetas-saladas-de-navidad"],"_links":{"self":[{"href":"https:\/\/lasrecetasdelualba.es\/index.php?rest_route=\/wp\/v2\/posts\/3174","targetHints":{"allow":["GET"]}}],"collection":[{"href":"https:\/\/lasrecetasdelualba.es\/index.php?rest_route=\/wp\/v2\/posts"}],"about":[{"href":"https:\/\/lasrecetasdelualba.es\/index.php?rest_route=\/wp\/v2\/types\/post"}],"author":[{"embeddable":true,"href":"https:\/\/lasrecetasdelualba.es\/index.php?rest_route=\/wp\/v2\/users\/1"}],"replies":[{"embeddable":true,"href":"https:\/\/lasrecetasdelualba.es\/index.php?rest_route=%2Fwp%2Fv2%2Fcomments&post=3174"}],"version-history":[{"count":2,"href":"https:\/\/lasrecetasdelualba.es\/index.php?rest_route=\/wp\/v2\/posts\/3174\/revisions"}],"predecessor-version":[{"id":3177,"href":"https:\/\/lasrecetasdelualba.es\/index.php?rest_route=\/wp\/v2\/posts\/3174\/revisions\/3177"}],"wp:featuredmedia":[{"embeddable":true,"href":"https:\/\/lasrecetasdelualba.es\/index.php?rest_route=\/wp\/v2\/media\/3176"}],"wp:attachment":[{"href":"https:\/\/lasrecetasdelualba.es\/index.php?rest_route=%2Fwp%2Fv2%2Fmedia&parent=3174"}],"wp:term":[{"taxonomy":"category","embeddable":true,"href":"https:\/\/lasrecetasdelualba.es\/index.php?rest_route=%2Fwp%2Fv2%2Fcategories&post=3174"},{"taxonomy":"post_tag","embeddable":true,"href":"https:\/\/lasrecetasdelualba.es\/index.php?rest_route=%2Fwp%2Fv2%2Ftags&post=3174"}],"curies":[{"name":"wp","href":"https:\/\/api.w.org\/{rel}","templated":true}]}}