{"id":3205,"date":"2021-12-31T09:39:09","date_gmt":"2021-12-31T09:39:09","guid":{"rendered":"https:\/\/lasrecetasdelualba.es\/?p=3205"},"modified":"2021-12-31T09:39:09","modified_gmt":"2021-12-31T09:39:09","slug":"volandeiras-a-la-plancha","status":"publish","type":"post","link":"https:\/\/lasrecetasdelualba.es\/?p=3205","title":{"rendered":"VOLANDEIRAS A LA PLANCHA"},"content":{"rendered":"<p>\u00a1 Buenos d\u00edas!<\/p>\n<p>\u00daltimo d\u00eda del a\u00f1o&#x1f603; y Viernes toca receta&#8230;<\/p>\n<p>Todos los a\u00f1os me despido del a\u00f1o con una tarta de chocolate pero est\u00e9 a\u00f1o no va a ser as\u00ed&#8230;en m\u00ed casa voy a hacer tiramis\u00fa, es es postre favorito de mi hija.<\/p>\n<p>Est\u00e9 a\u00f1o me despido con estas volandeiras las hice a la plancha y en cuanto las puse en la mesa volaron&#8230;Yo solo pens\u00e9 &#8230;<\/p>\n<p>Se\u00f1or traeme dos bandejas m\u00e1s est\u00e1 es mi cena, ja, ja,ja.<\/p>\n<p>\u00a1S\u00ed estaban deliciosas!<\/p>\n<p>Me parece un aperitivo delicioso y elegante para est\u00e1s fechas o para otras ocasiones.<\/p>\n<p><em><strong>Ingredientes:<\/strong><\/em><\/p>\n<ul>\n<li>15 und de volandeiras.<\/li>\n<li>3 dientes\u00a0 de ajo.<\/li>\n<li>2 cucharadas de perejil.<\/li>\n<li>50 ml de aceite de oliva virgen extra.<\/li>\n<li>Sal.<\/li>\n<\/ul>\n<p><em><strong>Preparaci\u00f3n:<\/strong><\/em><\/p>\n<p>Limpiamos las volandeiras bajo el grifo, se van a separar de la concha no pasa nada, secamos las volasdeiras y las conchas con papel de cocina.<\/p>\n<p>Las conchas las ponemos en la bandeja que usaremos para servir.<\/p>\n<p>La carne de las volandeiras las pasamos a un plato,reservar.<\/p>\n<p>Vamos a hacer el ali\u00f1o, en\u00a0 un bote ponemos los 3 dientes de ajo picados, el perejil picado y el aceite de oliva virgen extra, cerrar el bote y batir como si fuera un c\u00f3ctel, reservar.<\/p>\n<p>Ponemos una plancha al fuego y a\u00f1adimos un poco de aceite y sal por toda la plancha , ponemos encima\u00a0 la carne de las volandeiras y las hacemos\u00a0 10 segundos\u00a0 por cada lado, asi con todas.<\/p>\n<p>Las vamos colocando en cada concha y las untamos con el ali\u00f1o .<\/p>\n<p>Y listo, a disfrutar se ha dicho.<\/p>\n<p style=\"text-align: center;\"><em><strong>FELIZ A\u00d1O A TODOS<\/strong><\/em><\/p>\n<p>&nbsp;<\/p>\n<p>&nbsp;<\/p>\n<p>&nbsp;<\/p>\n<p>&nbsp;<\/p>\n<p>&nbsp;<\/p>\n","protected":false},"excerpt":{"rendered":"<p>\u00a1 Buenos d\u00edas! \u00daltimo d\u00eda del a\u00f1o&#x1f603; y Viernes toca receta&#8230; Todos los a\u00f1os me despido del a\u00f1o con una tarta de chocolate pero est\u00e9 a\u00f1o no va a ser as\u00ed&#8230;en m\u00ed casa voy a hacer tiramis\u00fa, es es postre favorito de mi hija. Est\u00e9 [&hellip;]<\/p>\n","protected":false},"author":1,"featured_media":3207,"comment_status":"open","ping_status":"open","sticky":false,"template":"","format":"standard","meta":{"footnotes":""},"categories":[65],"tags":[39,64],"class_list":["post-3205","post","type-post","status-publish","format-standard","has-post-thumbnail","hentry","category-navidad","tag-marisco","tag-recetas-saladas-de-navidad"],"_links":{"self":[{"href":"https:\/\/lasrecetasdelualba.es\/index.php?rest_route=\/wp\/v2\/posts\/3205","targetHints":{"allow":["GET"]}}],"collection":[{"href":"https:\/\/lasrecetasdelualba.es\/index.php?rest_route=\/wp\/v2\/posts"}],"about":[{"href":"https:\/\/lasrecetasdelualba.es\/index.php?rest_route=\/wp\/v2\/types\/post"}],"author":[{"embeddable":true,"href":"https:\/\/lasrecetasdelualba.es\/index.php?rest_route=\/wp\/v2\/users\/1"}],"replies":[{"embeddable":true,"href":"https:\/\/lasrecetasdelualba.es\/index.php?rest_route=%2Fwp%2Fv2%2Fcomments&post=3205"}],"version-history":[{"count":1,"href":"https:\/\/lasrecetasdelualba.es\/index.php?rest_route=\/wp\/v2\/posts\/3205\/revisions"}],"predecessor-version":[{"id":3206,"href":"https:\/\/lasrecetasdelualba.es\/index.php?rest_route=\/wp\/v2\/posts\/3205\/revisions\/3206"}],"wp:featuredmedia":[{"embeddable":true,"href":"https:\/\/lasrecetasdelualba.es\/index.php?rest_route=\/wp\/v2\/media\/3207"}],"wp:attachment":[{"href":"https:\/\/lasrecetasdelualba.es\/index.php?rest_route=%2Fwp%2Fv2%2Fmedia&parent=3205"}],"wp:term":[{"taxonomy":"category","embeddable":true,"href":"https:\/\/lasrecetasdelualba.es\/index.php?rest_route=%2Fwp%2Fv2%2Fcategories&post=3205"},{"taxonomy":"post_tag","embeddable":true,"href":"https:\/\/lasrecetasdelualba.es\/index.php?rest_route=%2Fwp%2Fv2%2Ftags&post=3205"}],"curies":[{"name":"wp","href":"https:\/\/api.w.org\/{rel}","templated":true}]}}