{"id":3402,"date":"2022-07-23T16:54:36","date_gmt":"2022-07-23T16:54:36","guid":{"rendered":"https:\/\/lasrecetasdelualba.es\/?p=3402"},"modified":"2022-07-23T16:54:36","modified_gmt":"2022-07-23T16:54:36","slug":"tarta-de-queso-individual","status":"publish","type":"post","link":"https:\/\/lasrecetasdelualba.es\/?p=3402","title":{"rendered":"TARTA DE QUESO INDIVIDUAL"},"content":{"rendered":"<p>\u00a1 Buenas tardes!<\/p>\n<p>\u00bf C\u00f3mo llev\u00e1is la semana?<\/p>\n<p>Yo estoy de vacaciones, y ya sab\u00e9is en vacaciones todo va m\u00e1s lento y no sabes en que d\u00eda vives &#8230;<\/p>\n<p>Y a\u00fan encima con est\u00e1 calor no me apetece encender el horno, pero lo que si me apetece es llegar a casa y tomar un un trozo de tarta.<\/p>\n<p>As\u00ed que hice una tarta de queso individual para que cada uno coja el suyo y tampoco manche un plato, si vagoneta total&#8230; pero me ha encantado hacerlos as\u00ed, espero tener hoy uno cuando llegue por la noche&#x1f923;.<\/p>\n<p>Con estas cantidades salen 6 me parece una cantidad perfecta, vamos all\u00e1.<\/p>\n<p><b><i>\u00a0Ingredientes:\u00a0<\/i><\/b><\/p>\n<p>Para la base:<\/p>\n<ul>\n<li>150 gr de galletas<\/li>\n<li>75 gr de mantequilla.<\/li>\n<\/ul>\n<p>Para el relleno:<\/p>\n<ul>\n<li>300 gr de queso de untar.<\/li>\n<li>200 ml de nata<\/li>\n<li>200 ml de leche.<\/li>\n<li>6 hojas de gelatina.<\/li>\n<li>3 cucharadas de az\u00facar.<\/li>\n<\/ul>\n<p>Para adornar:<\/p>\n<ul>\n<li>Mermelada de frutas del bosque.<\/li>\n<\/ul>\n<p><em><strong>Preparaci\u00f3n:<\/strong><\/em><\/p>\n<p>Colocamos en fila\u00a0 los moldes donde lo vamos a servir.<\/p>\n<p>Derretir la mantequilla en el microondas.<\/p>\n<p>Trituramos las galletas, las colocamos en un bol y a\u00f1adimos la mantequilla derretida, mezclamos con las manos hasta formar una masa y la repartimos en los moldes elegidos, la aplastamos , esa es la base la reservamos en la nevera.<\/p>\n<p>En un vaso de batidora lo llenamos de agua y ponemos dentro\u00a0 las gelatinas para hidratarlas, mientras hacemos el relleno.<\/p>\n<p>En una pota ponemos a fuego lento, el queso, la leche, la nata y el az\u00facar sin parar de revolver vamos integrando todos los ingredientes, cuando\u00a0 eas la mezcla uniforme a\u00f1adimos las gelatinas bien escurridas ,mezclar 5 minutos.<\/p>\n<p>Repartir est\u00e1 mezcla en los moldes elegidos que ten\u00edamos reservados en la nevera y volverlos a meter en la nevera hasta que cuajen.<\/p>\n<p>Yo los dej\u00e9 de un d\u00eda para otro, pero en 4 horas deber\u00eda de estar listos .<\/p>\n<p>En mi caso al d\u00eda s\u00ed calentar la mermelada en el microondas y repartirla por encima de la tartas individuales.<\/p>\n<p>Dejar enfriar en la nevera y listo a disfrutar.<\/p>\n<p style=\"text-align: center;\"><em><strong>FELIZ SEMANA A TODOS\u00a0<\/strong><\/em><\/p>\n<p>&nbsp;<\/p>\n<p>&nbsp;<\/p>\n<p>&nbsp;<\/p>\n<p>&nbsp;<\/p>\n","protected":false},"excerpt":{"rendered":"<p>\u00a1 Buenas tardes! \u00bf C\u00f3mo llev\u00e1is la semana? Yo estoy de vacaciones, y ya sab\u00e9is en vacaciones todo va m\u00e1s lento y no sabes en que d\u00eda vives &#8230; Y a\u00fan encima con est\u00e1 calor no me apetece encender el horno, pero lo que si [&hellip;]<\/p>\n","protected":false},"author":1,"featured_media":3404,"comment_status":"open","ping_status":"open","sticky":false,"template":"","format":"standard","meta":{"footnotes":""},"categories":[54],"tags":[34],"class_list":["post-3402","post","type-post","status-publish","format-standard","has-post-thumbnail","hentry","category-tartas-de-queso","tag-tartas-de-queso"],"_links":{"self":[{"href":"https:\/\/lasrecetasdelualba.es\/index.php?rest_route=\/wp\/v2\/posts\/3402","targetHints":{"allow":["GET"]}}],"collection":[{"href":"https:\/\/lasrecetasdelualba.es\/index.php?rest_route=\/wp\/v2\/posts"}],"about":[{"href":"https:\/\/lasrecetasdelualba.es\/index.php?rest_route=\/wp\/v2\/types\/post"}],"author":[{"embeddable":true,"href":"https:\/\/lasrecetasdelualba.es\/index.php?rest_route=\/wp\/v2\/users\/1"}],"replies":[{"embeddable":true,"href":"https:\/\/lasrecetasdelualba.es\/index.php?rest_route=%2Fwp%2Fv2%2Fcomments&post=3402"}],"version-history":[{"count":1,"href":"https:\/\/lasrecetasdelualba.es\/index.php?rest_route=\/wp\/v2\/posts\/3402\/revisions"}],"predecessor-version":[{"id":3403,"href":"https:\/\/lasrecetasdelualba.es\/index.php?rest_route=\/wp\/v2\/posts\/3402\/revisions\/3403"}],"wp:featuredmedia":[{"embeddable":true,"href":"https:\/\/lasrecetasdelualba.es\/index.php?rest_route=\/wp\/v2\/media\/3404"}],"wp:attachment":[{"href":"https:\/\/lasrecetasdelualba.es\/index.php?rest_route=%2Fwp%2Fv2%2Fmedia&parent=3402"}],"wp:term":[{"taxonomy":"category","embeddable":true,"href":"https:\/\/lasrecetasdelualba.es\/index.php?rest_route=%2Fwp%2Fv2%2Fcategories&post=3402"},{"taxonomy":"post_tag","embeddable":true,"href":"https:\/\/lasrecetasdelualba.es\/index.php?rest_route=%2Fwp%2Fv2%2Ftags&post=3402"}],"curies":[{"name":"wp","href":"https:\/\/api.w.org\/{rel}","templated":true}]}}