{"id":3943,"date":"2026-03-21T10:38:34","date_gmt":"2026-03-21T10:38:34","guid":{"rendered":"https:\/\/lasrecetasdelualba.es\/?p=3943"},"modified":"2026-03-21T10:38:34","modified_gmt":"2026-03-21T10:38:34","slug":"tarta-de-yogur-y-manzana","status":"publish","type":"post","link":"https:\/\/lasrecetasdelualba.es\/?p=3943","title":{"rendered":"TARTA DE YOGUR Y MANZANA"},"content":{"rendered":"<div class=\"flex max-w-full flex-col gap-4 grow\">\n<div class=\"min-h-8 text-message relative flex w-full flex-col items-end gap-2 text-start break-words whitespace-normal outline-none keyboard-focused:focus-ring [.text-message+&amp;]:mt-1\" dir=\"auto\" tabindex=\"0\" data-message-author-role=\"assistant\" data-message-id=\"3d92cdcc-354c-48dc-a9aa-c0df5668d705\" data-message-model-slug=\"gpt-5-3\" data-turn-start-message=\"true\">\n<div class=\"flex w-full flex-col gap-1 empty:hidden\">\n<div class=\"markdown prose dark:prose-invert w-full wrap-break-word dark markdown-new-styling\">\n<p data-start=\"0\" data-end=\"166\">\u00a1Buenos dias!<\/p>\n<p data-start=\"0\" data-end=\"166\">Empieza la primavera y se nota much\u00edsimo: los d\u00edas son m\u00e1s largos y, cuando salgo de trabajar, todav\u00eda es de d\u00eda\u2026 y eso invita a hacer m\u00e1s cosas, entre ellas cocinar.<\/p>\n<p data-start=\"168\" data-end=\"419\">Llevo semanas preparando esta tarta. La primera vez no grab\u00e9 la receta, pero nos encant\u00f3.<\/p>\n<p data-start=\"168\" data-end=\"419\">La segunda, cuando quise repetirla, me faltaban ingredientes. Y a la tercera fue la vencida: con todo listo y la c\u00e1mara preparada, no pod\u00eda salir mal\u2026 y as\u00ed fue.<\/p>\n<p data-start=\"421\" data-end=\"490\">As\u00ed que aqu\u00ed la ten\u00e9is. Espero que la disfrut\u00e9is tanto como nosotros.<\/p>\n<p data-start=\"492\" data-end=\"512\" data-is-last-node=\"\" data-is-only-node=\"\">Vamos con la receta.<\/p>\n<\/div>\n<\/div>\n<\/div>\n<\/div>\n<div class=\"z-0 flex min-h-[46px] justify-start\"><em><strong>Ingredientes:<\/strong><\/em><\/div>\n<ul>\n<li>3 yogures naturales.<\/li>\n<li>3 huevos L<\/li>\n<li>3 manzanas<\/li>\n<li>Caramelo l\u00edquido.<\/li>\n<li>Una medida de yogur de harina normal.<\/li>\n<li>Una medida de yogur de az\u00facar.<\/li>\n<li>Mermelada de albaricoque para adornar.<\/li>\n<\/ul>\n<p><em><strong>Preparaci\u00f3n:<\/strong><\/em><\/p>\n<p>Precalentamos el horno a 180 grados calor arriba y abajo.<\/p>\n<p>En un vaso de batidora ponemos los huevos, los yogures, la medida de harina y la de az\u00facar, trituramos todo y lo reservamos.<\/p>\n<p>En el molde elegido, cubrimos el fondo con caramelo l\u00edquido y ponemos encima la mezcla anterior.<\/p>\n<p>Pelamos las manzanas y las cortamos en gajos y las vamos colocando encima, horneamos a 180 grados 30 minutos pasado el tiempo la quitamos del horno la dejamos enfriar unos minutos y ponemos por encima la mermelada de albaricoque .<\/p>\n<p>La dejamos enfriar por completo y la metemos en la nevera un m\u00ednimo de 4 horas .<\/p>\n<p>Y listo a disfrutar.<\/p>\n<div class=\"mt-3 w-full empty:hidden\">\n<div class=\"text-center\">\n<div>\n<div class=\"inline-flex border border-gray-100 dark:border-gray-700 rounded-xl\">\n<div class=\"bg-token-main-surface-tertiary w-px flex-1 self-stretch\"><\/div>\n<\/div>\n<\/div>\n<\/div>\n<\/div>\n","protected":false},"excerpt":{"rendered":"<p>\u00a1Buenos dias! Empieza la primavera y se nota much\u00edsimo: los d\u00edas son m\u00e1s largos y, cuando salgo de trabajar, todav\u00eda es de d\u00eda\u2026 y eso invita a hacer m\u00e1s cosas, entre ellas cocinar. Llevo semanas preparando esta tarta. La primera vez no grab\u00e9 la receta, [&hellip;]<\/p>\n","protected":false},"author":1,"featured_media":3945,"comment_status":"open","ping_status":"open","sticky":false,"template":"","format":"standard","meta":{"footnotes":""},"categories":[50],"tags":[4],"class_list":["post-3943","post","type-post","status-publish","format-standard","has-post-thumbnail","hentry","category-recetas-dulces","tag-tartas"],"_links":{"self":[{"href":"https:\/\/lasrecetasdelualba.es\/index.php?rest_route=\/wp\/v2\/posts\/3943","targetHints":{"allow":["GET"]}}],"collection":[{"href":"https:\/\/lasrecetasdelualba.es\/index.php?rest_route=\/wp\/v2\/posts"}],"about":[{"href":"https:\/\/lasrecetasdelualba.es\/index.php?rest_route=\/wp\/v2\/types\/post"}],"author":[{"embeddable":true,"href":"https:\/\/lasrecetasdelualba.es\/index.php?rest_route=\/wp\/v2\/users\/1"}],"replies":[{"embeddable":true,"href":"https:\/\/lasrecetasdelualba.es\/index.php?rest_route=%2Fwp%2Fv2%2Fcomments&post=3943"}],"version-history":[{"count":1,"href":"https:\/\/lasrecetasdelualba.es\/index.php?rest_route=\/wp\/v2\/posts\/3943\/revisions"}],"predecessor-version":[{"id":3944,"href":"https:\/\/lasrecetasdelualba.es\/index.php?rest_route=\/wp\/v2\/posts\/3943\/revisions\/3944"}],"wp:featuredmedia":[{"embeddable":true,"href":"https:\/\/lasrecetasdelualba.es\/index.php?rest_route=\/wp\/v2\/media\/3945"}],"wp:attachment":[{"href":"https:\/\/lasrecetasdelualba.es\/index.php?rest_route=%2Fwp%2Fv2%2Fmedia&parent=3943"}],"wp:term":[{"taxonomy":"category","embeddable":true,"href":"https:\/\/lasrecetasdelualba.es\/index.php?rest_route=%2Fwp%2Fv2%2Fcategories&post=3943"},{"taxonomy":"post_tag","embeddable":true,"href":"https:\/\/lasrecetasdelualba.es\/index.php?rest_route=%2Fwp%2Fv2%2Ftags&post=3943"}],"curies":[{"name":"wp","href":"https:\/\/api.w.org\/{rel}","templated":true}]}}