{"id":9,"date":"2017-08-02T08:20:00","date_gmt":"2017-08-02T08:20:00","guid":{"rendered":"https:\/\/lasrecetasdelualba.es\/?p=9"},"modified":"2020-05-27T07:42:16","modified_gmt":"2020-05-27T07:42:16","slug":"tarta-de-manzana-y-queso","status":"publish","type":"post","link":"https:\/\/lasrecetasdelualba.es\/?p=9","title":{"rendered":"TARTA DE MANZANA Y QUESO"},"content":{"rendered":"<div dir=\"ltr\">\u00bfC\u00f3mo juntar dos tartas que te encantan en una s\u00faper tarta?<br \/>\nPues muy f\u00e1cil, una encima de otra&#8230;jajaja.<br \/>\nUna vez a la semana hago un bizcocho de manzana\u00a0 que me encanta,\u00a1\u00a1 Est\u00e1 Riqu\u00edsimo!!<br \/>\nY pens\u00e9&#8230; est\u00e9 bizcocho con tarta de queso fr\u00eda debe estar Riqu\u00edsimo&#8230;<br \/>\nMi experimento funcion\u00f3, hice la tarta me la lleve a una churrascada, y como siempre&#8230; se la comieron callados sin decir ni mu&#8230;<br \/>\nEn ese momento me acord\u00e9 de sacarle la foto&#8230;la volver\u00e9 a hacer pero hoy os dejo una porci\u00f3n por si os apetece hacerla para el fin de semana&#8230; \u00a1Porque est\u00e1 Riqu\u00edsima!!<\/div>\n<div class=\"separator\" style=\"clear: both; text-align: center;\"><\/div>\n<div dir=\"ltr\"><u><b><br \/>\nIngredientes para el bizcocho:<\/b><\/u><\/div>\n<ul>\n<li dir=\"ltr\">375 gr de harina<\/li>\n<li dir=\"ltr\">335 gr de az\u00facar<\/li>\n<li dir=\"ltr\">250 ml de aceite de girasol<\/li>\n<li dir=\"ltr\">80 ml de zumo de naranja<\/li>\n<li dir=\"ltr\">La ralladura de una naranja<\/li>\n<li dir=\"ltr\">1 sobre\u00a0 de levadura en polvo<\/li>\n<li dir=\"ltr\">Una pizca de sal<\/li>\n<li dir=\"ltr\">2 manzanas golden<\/li>\n<li dir=\"ltr\">1 cucharada de az\u00facar<\/li>\n<li dir=\"ltr\">1 cucharada de canela<\/li>\n<\/ul>\n<div dir=\"ltr\"><b><u><br \/>\nIngredientes para la tarta de queso fr\u00eda:<\/u><\/b><\/div>\n<ul>\n<li dir=\"ltr\">400 ml de nata 35%materia grasa<\/li>\n<li dir=\"ltr\">1 tarrina de queso de untar<\/li>\n<li dir=\"ltr\">5 cucharadas de az\u00facar<\/li>\n<li dir=\"ltr\">1 vaso de leche<\/li>\n<li dir=\"ltr\">2 sobres de cuajada Royal<\/li>\n<li dir=\"ltr\">Mermelada de frutas del bosque<\/li>\n<\/ul>\n<div dir=\"ltr\"><b><u><br \/>\nPreparaci\u00f3n (bizcocho)<\/u><\/b>:<\/div>\n<div dir=\"ltr\">Empezamos con el bizcocho pues hay que dejarlo enfriar.<br \/>\nPelamos y cortamos las manzanas como si fueran para tortilla las colocamos en un bol y les a\u00f1adimos una cucharada de az\u00facar y otra de canela revolver y reservar.<br \/>\nPre calentar el horno a 175 grados, engrasar el molde y forrarlo con papel sulfurizado.<br \/>\nEn un bol ponemos ,la harina el az\u00facar,la levadura y la sal mezclar.<br \/>\nA\u00f1adimos los huevos de uno en uno,vamos mezclando lo con una batidora de varillas, seguidamente a\u00f1adimos el aceite ,el zumo de<br \/>\nnaranja y la ralladura de la naranja mezclar todo bien hasta que los ingredientes est\u00e9n bien integrados.<br \/>\nAhora a\u00f1adimos la mitad de las manzanas que ten\u00edamos reservadas volvemos a mezclar.<br \/>\nVerter la mitad de la masa en el molde, cubrir con las manzanas restantes y a\u00f1adir el resto de la masa.<br \/>\nHornear durante 60 min a 175 grados o hasta que al introducir un palillo salga limpio.<br \/>\nPasado el tiempo dejar lo sacamos del horno lo dejamos enfriar sobre una rejilla unos 15 min y despu\u00e9s des moldar sobre la misma rejilla para dejar enfriar.<br \/>\nPreparaci\u00f3n (para la tarta de queso):<br \/>\nPonemos un cazo al fuego con la nata, el az\u00facar y el queso crema a fuego moderado para que el queso se vaya derritiendo.<br \/>\nMientras ponemos la leche en un vaso y diluimos los sobres de cuajada, cuando est\u00e9 el queso derretido echamos la leche con la cuajada ,mezclamos hasta que empiece a espesar y separamos del fuego, reservar.<br \/>\nCortamos el bizcocho de manzana por la mitad cogemos una mitad la colocamos dentro de un molde desmontable y encima la crema de queso que ten\u00edamos reservada, dejamos enfriar un poco y lo metemos en la nevera m\u00ednimo 4 horas o como en m\u00ed caso de un d\u00eda para otro.<br \/>\nAl d\u00eda siguiente, le echamos la mermelada de frambuesa por encima, des moldamos y listo a comer.<br \/>\nPod\u00e9is ponerle la mermelada que m\u00e1s os guste.<\/div>\n","protected":false},"excerpt":{"rendered":"<p>\u00bfC\u00f3mo juntar dos tartas que te encantan en una s\u00faper tarta? Pues muy f\u00e1cil, una encima de otra&#8230;jajaja. Una vez a la semana hago un bizcocho de manzana\u00a0 que me encanta,\u00a1\u00a1 Est\u00e1 Riqu\u00edsimo!! Y pens\u00e9&#8230; est\u00e9 bizcocho con tarta de queso fr\u00eda debe estar Riqu\u00edsimo&#8230; [&hellip;]<\/p>\n","protected":false},"author":1,"featured_media":256,"comment_status":"open","ping_status":"open","sticky":false,"template":"","format":"standard","meta":{"footnotes":""},"categories":[54],"tags":[4,34],"class_list":["post-9","post","type-post","status-publish","format-standard","has-post-thumbnail","hentry","category-tartas-de-queso","tag-tartas","tag-tartas-de-queso"],"_links":{"self":[{"href":"https:\/\/lasrecetasdelualba.es\/index.php?rest_route=\/wp\/v2\/posts\/9","targetHints":{"allow":["GET"]}}],"collection":[{"href":"https:\/\/lasrecetasdelualba.es\/index.php?rest_route=\/wp\/v2\/posts"}],"about":[{"href":"https:\/\/lasrecetasdelualba.es\/index.php?rest_route=\/wp\/v2\/types\/post"}],"author":[{"embeddable":true,"href":"https:\/\/lasrecetasdelualba.es\/index.php?rest_route=\/wp\/v2\/users\/1"}],"replies":[{"embeddable":true,"href":"https:\/\/lasrecetasdelualba.es\/index.php?rest_route=%2Fwp%2Fv2%2Fcomments&post=9"}],"version-history":[{"count":5,"href":"https:\/\/lasrecetasdelualba.es\/index.php?rest_route=\/wp\/v2\/posts\/9\/revisions"}],"predecessor-version":[{"id":2026,"href":"https:\/\/lasrecetasdelualba.es\/index.php?rest_route=\/wp\/v2\/posts\/9\/revisions\/2026"}],"wp:featuredmedia":[{"embeddable":true,"href":"https:\/\/lasrecetasdelualba.es\/index.php?rest_route=\/wp\/v2\/media\/256"}],"wp:attachment":[{"href":"https:\/\/lasrecetasdelualba.es\/index.php?rest_route=%2Fwp%2Fv2%2Fmedia&parent=9"}],"wp:term":[{"taxonomy":"category","embeddable":true,"href":"https:\/\/lasrecetasdelualba.es\/index.php?rest_route=%2Fwp%2Fv2%2Fcategories&post=9"},{"taxonomy":"post_tag","embeddable":true,"href":"https:\/\/lasrecetasdelualba.es\/index.php?rest_route=%2Fwp%2Fv2%2Ftags&post=9"}],"curies":[{"name":"wp","href":"https:\/\/api.w.org\/{rel}","templated":true}]}}